{"id":3103,"date":"2026-03-11T19:12:16","date_gmt":"2026-03-11T19:12:16","guid":{"rendered":"https:\/\/www.kleingartenverein-ladenburg.de\/?p=3103"},"modified":"2026-04-04T05:23:45","modified_gmt":"2026-04-04T05:23:45","slug":"spatenstich-neues-vereinshaus","status":"publish","type":"post","link":"https:\/\/www.kleingartenverein-ladenburg.de\/?p=3103","title":{"rendered":"Spatenstich neues Vereinshaus"},"content":{"rendered":"\n<p>Liebe Vereinsmitglieder,<\/p>\n\n\n\n<p>mit gro\u00dfer Freude m\u00f6chten wir euch zu einem besonderen Meilenstein in der Geschichte unseres Vereins einladen: dem offiziellen Spatenstich f\u00fcr unser neues Vereinshaus.<\/p>\n\n\n\n<p>Nach langer Planung und viel Engagement ist es endlich soweit.<\/p>\n\n\n\n<p>Dieses wichtige Ereignis m\u00f6chten wir gerne gemeinsam mit euch feiern.<\/p>\n\n\n\n<p>&#x1f4c5; Datum: 21.03.2026<br>&#x1f552; Uhrzeit: 14:00 Uhr<br>&#x1f4cd; Ort: Festwiese vor dem alten Vereinshaus<\/p>\n\n\n\n<p>Beim gemeinsamen Spatenstich m\u00f6chten wir symbolisch den Startschuss f\u00fcr das Projekt geben.&nbsp;&nbsp;&nbsp;&nbsp;&nbsp;<\/p>\n\n\n\n<p>Im Anschluss laden wir euch herzlich zu einem kleinen Umtrunk ein.<\/p>\n\n\n\n<p>Wir w\u00fcrden uns sehr freuen, diesen besonderen Moment gemeinsam mit euch zu erleben.<\/p>\n\n\n\n<p>Mit freundlichen Gr\u00fc\u00dfen<\/p>\n\n\n\n<p>J\u00fcrgen Weygold<br>\u00a0(1. Vorsitzender)<\/p>\n","protected":false},"excerpt":{"rendered":"<p>Liebe Vereinsmitglieder, mit gro\u00dfer Freude m\u00f6chten wir euch zu einem besonderen Meilenstein in der Geschichte unseres Vereins einladen: dem offiziellen Spatenstich f\u00fcr unser neues Vereinshaus. Nach langer Planung und viel Engagement ist es endlich soweit. Dieses wichtige Ereignis m\u00f6chten wir gerne gemeinsam mit euch feiern. &#x1f4c5; Datum: 21.03.2026&#x1f552; Uhrzeit: 14:00 Uhr&#x1f4cd; Ort: Festwiese vor dem [&hellip;]<\/p>\n","protected":false},"author":1,"featured_media":0,"comment_status":"closed","ping_status":"closed","sticky":false,"template":"","format":"standard","meta":{"ngg_post_thumbnail":0,"footnotes":""},"categories":[3],"tags":[],"class_list":["post-3103","post","type-post","status-publish","format-standard","hentry","category-allgemeines"],"_links":{"self":[{"href":"https:\/\/www.kleingartenverein-ladenburg.de\/index.php?rest_route=\/wp\/v2\/posts\/3103","targetHints":{"allow":["GET"]}}],"collection":[{"href":"https:\/\/www.kleingartenverein-ladenburg.de\/index.php?rest_route=\/wp\/v2\/posts"}],"about":[{"href":"https:\/\/www.kleingartenverein-ladenburg.de\/index.php?rest_route=\/wp\/v2\/types\/post"}],"author":[{"embeddable":true,"href":"https:\/\/www.kleingartenverein-ladenburg.de\/index.php?rest_route=\/wp\/v2\/users\/1"}],"replies":[{"embeddable":true,"href":"https:\/\/www.kleingartenverein-ladenburg.de\/index.php?rest_route=%2Fwp%2Fv2%2Fcomments&post=3103"}],"version-history":[{"count":3,"href":"https:\/\/www.kleingartenverein-ladenburg.de\/index.php?rest_route=\/wp\/v2\/posts\/3103\/revisions"}],"predecessor-version":[{"id":3107,"href":"https:\/\/www.kleingartenverein-ladenburg.de\/index.php?rest_route=\/wp\/v2\/posts\/3103\/revisions\/3107"}],"wp:attachment":[{"href":"https:\/\/www.kleingartenverein-ladenburg.de\/index.php?rest_route=%2Fwp%2Fv2%2Fmedia&parent=3103"}],"wp:term":[{"taxonomy":"category","embeddable":true,"href":"https:\/\/www.kleingartenverein-ladenburg.de\/index.php?rest_route=%2Fwp%2Fv2%2Fcategories&post=3103"},{"taxonomy":"post_tag","embeddable":true,"href":"https:\/\/www.kleingartenverein-ladenburg.de\/index.php?rest_route=%2Fwp%2Fv2%2Ftags&post=3103"}],"curies":[{"name":"wp","href":"https:\/\/api.w.org\/{rel}","templated":true}]}}